{"id":1061,"date":"2022-07-12T16:21:00","date_gmt":"2022-07-12T15:21:00","guid":{"rendered":"https:\/\/acthiv.fr\/journaldebord\/?p=1061"},"modified":"2023-03-31T04:54:51","modified_gmt":"2023-03-31T03:54:51","slug":"si-tu-passes-la-riviere","status":"publish","type":"post","link":"https:\/\/acthiv.fr\/journaldebord\/?p=1061","title":{"rendered":"Si tu passes la Rivi\u00e8re"},"content":{"rendered":"\n<p>report\u00e9 d&rsquo;ao\u00fbt 2022 \u00e0 avril 2023<\/p>\n\n\n\n<p style=\"font-size:8pt;\">Dimanche 2 avril  16 heures 30<br>salle du Chat&rsquo;Pline<br>Genevi\u00e8ve Damas<br> lecture de son roman <i>Si tu Passes la Rivi\u00e8re<\/i><br>entr\u00e9e 10 EUR<br>contact et r\u00e9servation  06 82 24 00 76 et Chat&rsquo;Pline<br><\/p>\n\n\n<div class=\"wp-block-image\">\n<figure class=\"aligncenter size-full\"><a href=\"https:\/\/acthiv.fr\/journaldebord\/wp-content\/uploads\/2023\/03\/bleu-moyen-web.jpg\"><img loading=\"lazy\" decoding=\"async\" width=\"326\" height=\"377\" src=\"https:\/\/acthiv.fr\/journaldebord\/wp-content\/uploads\/2023\/03\/bleu-moyen-web.jpg\" alt=\"\" class=\"wp-image-1274\" srcset=\"https:\/\/acthiv.fr\/journaldebord\/wp-content\/uploads\/2023\/03\/bleu-moyen-web.jpg 326w, https:\/\/acthiv.fr\/journaldebord\/wp-content\/uploads\/2023\/03\/bleu-moyen-web-259x300.jpg 259w\" sizes=\"auto, (max-width: 326px) 100vw, 326px\" \/><\/a><\/figure>\n<\/div>","protected":false},"excerpt":{"rendered":"<p>report\u00e9 d&rsquo;ao\u00fbt 2022 \u00e0 avril 2023 Dimanche 2 avril 16 heures 30salle du Chat&rsquo;PlineGenevi\u00e8ve Damas lecture de son roman Si tu Passes la Rivi\u00e8reentr\u00e9e 10 EURcontact et r\u00e9servation 06 82 24 00 76 et Chat&rsquo;Pline<\/p>\n","protected":false},"author":1,"featured_media":0,"comment_status":"closed","ping_status":"open","sticky":false,"template":"","format":"standard","meta":{"footnotes":""},"categories":[36,22],"tags":[],"class_list":["post-1061","post","type-post","status-publish","format-standard","hentry","category-lecture","category-salle-du-theatre-de-poche"],"_links":{"self":[{"href":"https:\/\/acthiv.fr\/journaldebord\/index.php?rest_route=\/wp\/v2\/posts\/1061","targetHints":{"allow":["GET"]}}],"collection":[{"href":"https:\/\/acthiv.fr\/journaldebord\/index.php?rest_route=\/wp\/v2\/posts"}],"about":[{"href":"https:\/\/acthiv.fr\/journaldebord\/index.php?rest_route=\/wp\/v2\/types\/post"}],"author":[{"embeddable":true,"href":"https:\/\/acthiv.fr\/journaldebord\/index.php?rest_route=\/wp\/v2\/users\/1"}],"replies":[{"embeddable":true,"href":"https:\/\/acthiv.fr\/journaldebord\/index.php?rest_route=%2Fwp%2Fv2%2Fcomments&post=1061"}],"version-history":[{"count":7,"href":"https:\/\/acthiv.fr\/journaldebord\/index.php?rest_route=\/wp\/v2\/posts\/1061\/revisions"}],"predecessor-version":[{"id":1276,"href":"https:\/\/acthiv.fr\/journaldebord\/index.php?rest_route=\/wp\/v2\/posts\/1061\/revisions\/1276"}],"wp:attachment":[{"href":"https:\/\/acthiv.fr\/journaldebord\/index.php?rest_route=%2Fwp%2Fv2%2Fmedia&parent=1061"}],"wp:term":[{"taxonomy":"category","embeddable":true,"href":"https:\/\/acthiv.fr\/journaldebord\/index.php?rest_route=%2Fwp%2Fv2%2Fcategories&post=1061"},{"taxonomy":"post_tag","embeddable":true,"href":"https:\/\/acthiv.fr\/journaldebord\/index.php?rest_route=%2Fwp%2Fv2%2Ftags&post=1061"}],"curies":[{"name":"wp","href":"https:\/\/api.w.org\/{rel}","templated":true}]}}