{"id":606,"date":"2018-09-19T18:11:56","date_gmt":"2018-09-19T17:11:56","guid":{"rendered":"http:\/\/acthiv.fr\/journaldebord\/?p=606"},"modified":"2018-11-12T15:24:42","modified_gmt":"2018-11-12T14:24:42","slug":"valerie-zeze-la-prison-et-la-recidive","status":"publish","type":"post","link":"https:\/\/acthiv.fr\/journaldebord\/?p=606","title":{"rendered":"Val\u00e9rie Z\u00e9z\u00e9 : la Prison et la R\u00e9cidive"},"content":{"rendered":"<p><span style=\"font-size:10pt;\" ><b>Jeudi 25 octobre, 18 heures<br \/>\nThiviers, biblioth\u00e8que,<br \/>\nconf\u00e9rence<\/b><br \/>\n<\/span><\/p>\n<p><ins datetime=\"2018-10-24T16:27:23+00:00\">Rencontre avec Val\u00e9rie Z\u00e9z\u00e9<\/ins><br \/>\n<span style=\"font-size:14pt;\" ><b>la Prison et la R\u00e9cidive<\/b><\/span><br \/>\nou<br \/>\ncomment devient-on r\u00e9cidiviste, et la prison soigne-t-elle ?<\/p>\n<p>Val\u00e9rie Z\u00e9z\u00e9 avait commenc\u00e9 une carri\u00e8re de professeur de lettres lorsqu&rsquo;apr\u00e8s l&rsquo;accident d&rsquo;un \u00e9l\u00e8ve dans sa classe, elle se retrouve sans emploi, d\u00e9couvre la drogue, pratique le vol, r\u00e9it\u00e8re dans la r\u00e9cidive , connait la prison.<\/p>\n<p>Avec Delphine et Ana\u00eble Hermans, elle relate son histoire dans une bande dessin\u00e9e  et vient de recevoir le prix Atomium de Bruxelles pour \u00ab\u00a0la Ballade des Dangereuses\u00a0\u00bb parue cette ann\u00e9e aux \u00e9ditions de la Bo\u00eete \u00e0 bulles.<\/p>\n<p>Apr\u00e8s sa cure de d\u00e9sintoxication, Val\u00e9rie Z\u00e9z\u00e9 r\u00e9side libre \u00e0 Nanthiat o\u00f9 elle a d&rsquo;ailleurs organis\u00e9 un salon du livre <i>\u00ab\u00a0les Cris f\u00e9minins &#8211; l&rsquo;Ecrit f\u00e9minin\u00a0\u00bb<\/i> avec une douzaine de femmes auteurs.<\/p>\n<p>Et se construit dans ce village un emploi d&rsquo;\u00e9crivain public. <\/p>\n<p><center><img decoding=\"async\" src=\"http:\/\/recap.accliv.org\/2018\/annonce255\/ballade.gif\" \/><\/center><\/p>\n","protected":false},"excerpt":{"rendered":"<p>Jeudi 25 octobre, 18 heures Thiviers, biblioth\u00e8que, conf\u00e9rence Rencontre avec Val\u00e9rie Z\u00e9z\u00e9 la Prison et la R\u00e9cidive ou comment devient-on r\u00e9cidiviste, et la prison soigne-t-elle ? Val\u00e9rie Z\u00e9z\u00e9 avait commenc\u00e9 une carri\u00e8re de professeur de lettres lorsqu&rsquo;apr\u00e8s l&rsquo;accident d&rsquo;un \u00e9l\u00e8ve dans sa classe, elle se retrouve sans emploi, d\u00e9couvre la drogue, pratique le vol, r\u00e9it\u00e8re &hellip; <a href=\"https:\/\/acthiv.fr\/journaldebord\/?p=606\" class=\"more-link\">Continuer la lecture de <span class=\"screen-reader-text\">Val\u00e9rie Z\u00e9z\u00e9 : la Prison et la R\u00e9cidive<\/span>  <span class=\"meta-nav\">&rarr;<\/span><\/a><\/p>\n","protected":false},"author":1,"featured_media":0,"comment_status":"closed","ping_status":"open","sticky":false,"template":"","format":"standard","meta":{"footnotes":""},"categories":[30,8,32],"tags":[],"class_list":["post-606","post","type-post","status-publish","format-standard","hentry","category-bibliotheque","category-conference","category-rencontre-avec-un-auteur"],"_links":{"self":[{"href":"https:\/\/acthiv.fr\/journaldebord\/index.php?rest_route=\/wp\/v2\/posts\/606","targetHints":{"allow":["GET"]}}],"collection":[{"href":"https:\/\/acthiv.fr\/journaldebord\/index.php?rest_route=\/wp\/v2\/posts"}],"about":[{"href":"https:\/\/acthiv.fr\/journaldebord\/index.php?rest_route=\/wp\/v2\/types\/post"}],"author":[{"embeddable":true,"href":"https:\/\/acthiv.fr\/journaldebord\/index.php?rest_route=\/wp\/v2\/users\/1"}],"replies":[{"embeddable":true,"href":"https:\/\/acthiv.fr\/journaldebord\/index.php?rest_route=%2Fwp%2Fv2%2Fcomments&post=606"}],"version-history":[{"count":20,"href":"https:\/\/acthiv.fr\/journaldebord\/index.php?rest_route=\/wp\/v2\/posts\/606\/revisions"}],"predecessor-version":[{"id":639,"href":"https:\/\/acthiv.fr\/journaldebord\/index.php?rest_route=\/wp\/v2\/posts\/606\/revisions\/639"}],"wp:attachment":[{"href":"https:\/\/acthiv.fr\/journaldebord\/index.php?rest_route=%2Fwp%2Fv2%2Fmedia&parent=606"}],"wp:term":[{"taxonomy":"category","embeddable":true,"href":"https:\/\/acthiv.fr\/journaldebord\/index.php?rest_route=%2Fwp%2Fv2%2Fcategories&post=606"},{"taxonomy":"post_tag","embeddable":true,"href":"https:\/\/acthiv.fr\/journaldebord\/index.php?rest_route=%2Fwp%2Fv2%2Ftags&post=606"}],"curies":[{"name":"wp","href":"https:\/\/api.w.org\/{rel}","templated":true}]}}