{"id":893,"date":"2019-07-20T11:06:25","date_gmt":"2019-07-20T10:06:25","guid":{"rendered":"http:\/\/acthiv.fr\/journaldebord\/?p=893"},"modified":"2019-09-22T16:41:09","modified_gmt":"2019-09-22T15:41:09","slug":"retour-de-ville","status":"publish","type":"post","link":"https:\/\/acthiv.fr\/journaldebord\/?p=893","title":{"rendered":"Retour de Ville"},"content":{"rendered":"\n<span style=\"font-size:8pt;\" >\n<center><img decoding=\"async\" src=\"http:\/\/acthiv.fr\/servicesupport\/pictures\/public.jpg\"><\/center>\n<p>Un moment de magie, auquel le public a \u00e9t\u00e9 sensible<\/p><center><img decoding=\"async\" src=\"http:\/\/acthiv.fr\/servicesupport\/pictures\/pianiste.jpg\">\n<p>Sur la sc\u00e8ne, bien que les rampes soient \u00e9quip\u00e9es de LED (sauf peut-\u00eatre celles du fond de salle), il faisait bien chaud &#8211; mais cela n&rsquo;a pas d\u00e9tourn\u00e9 l&rsquo;attention du pianiste (Patrick Pernet).<\/p><img decoding=\"async\" src=\"http:\/\/acthiv.fr\/servicesupport\/pictures\/flute.jpg\"><\/center>\n<p>Voici un interm\u00e8de fl\u00fbte et piano<\/p>\n\n <img decoding=\"async\" src=\"http:\/\/acthiv.fr\/servicesupport\/pictures\/marion.jpg\"><\/center>\n<p>Puis pour un moment plus intime, Marianne a pris la guitare<\/p>\n<p>Entre chansons et musiques, des textes qui ont parl\u00e9 merveilleusement \u00e0 chacun, de l&rsquo;humour certes, mais aussi une force incroyable que Marianne a su partager, devant les malheurs de l&rsquo;existence, les instants de bonheur si pr\u00e9cieux, la vie, qui prime !<\/p><\/span>\n","protected":false},"excerpt":{"rendered":"<p>Un moment de magie, auquel le public a \u00e9t\u00e9 sensible Sur la sc\u00e8ne, bien que les rampes soient \u00e9quip\u00e9es de LED (sauf peut-\u00eatre celles du fond de salle), il faisait bien chaud &#8211; mais cela n&rsquo;a pas d\u00e9tourn\u00e9 l&rsquo;attention du pianiste (Patrick Pernet). Voici un interm\u00e8de fl\u00fbte et piano Puis pour un moment plus intime, &hellip; <a href=\"https:\/\/acthiv.fr\/journaldebord\/?p=893\" class=\"more-link\">Continuer la lecture de <span class=\"screen-reader-text\">Retour de Ville<\/span>  <span class=\"meta-nav\">&rarr;<\/span><\/a><\/p>\n","protected":false},"author":1,"featured_media":0,"comment_status":"closed","ping_status":"open","sticky":false,"template":"","format":"standard","meta":{"footnotes":""},"categories":[7,31,22,27],"tags":[],"class_list":["post-893","post","type-post","status-publish","format-standard","hentry","category-concert","category-postface","category-salle-du-theatre-de-poche","category-variete"],"_links":{"self":[{"href":"https:\/\/acthiv.fr\/journaldebord\/index.php?rest_route=\/wp\/v2\/posts\/893","targetHints":{"allow":["GET"]}}],"collection":[{"href":"https:\/\/acthiv.fr\/journaldebord\/index.php?rest_route=\/wp\/v2\/posts"}],"about":[{"href":"https:\/\/acthiv.fr\/journaldebord\/index.php?rest_route=\/wp\/v2\/types\/post"}],"author":[{"embeddable":true,"href":"https:\/\/acthiv.fr\/journaldebord\/index.php?rest_route=\/wp\/v2\/users\/1"}],"replies":[{"embeddable":true,"href":"https:\/\/acthiv.fr\/journaldebord\/index.php?rest_route=%2Fwp%2Fv2%2Fcomments&post=893"}],"version-history":[{"count":7,"href":"https:\/\/acthiv.fr\/journaldebord\/index.php?rest_route=\/wp\/v2\/posts\/893\/revisions"}],"predecessor-version":[{"id":941,"href":"https:\/\/acthiv.fr\/journaldebord\/index.php?rest_route=\/wp\/v2\/posts\/893\/revisions\/941"}],"wp:attachment":[{"href":"https:\/\/acthiv.fr\/journaldebord\/index.php?rest_route=%2Fwp%2Fv2%2Fmedia&parent=893"}],"wp:term":[{"taxonomy":"category","embeddable":true,"href":"https:\/\/acthiv.fr\/journaldebord\/index.php?rest_route=%2Fwp%2Fv2%2Fcategories&post=893"},{"taxonomy":"post_tag","embeddable":true,"href":"https:\/\/acthiv.fr\/journaldebord\/index.php?rest_route=%2Fwp%2Fv2%2Ftags&post=893"}],"curies":[{"name":"wp","href":"https:\/\/api.w.org\/{rel}","templated":true}]}}