{"id":943,"date":"2019-11-10T11:28:00","date_gmt":"2019-11-10T10:28:00","guid":{"rendered":"http:\/\/acthiv.fr\/journaldebord\/?p=943"},"modified":"2019-11-19T04:44:10","modified_gmt":"2019-11-19T03:44:10","slug":"rencontre-avec-nelly-buisson","status":"publish","type":"post","link":"https:\/\/acthiv.fr\/journaldebord\/?p=943","title":{"rendered":"Rencontre avec Nelly Buisson"},"content":{"rendered":"\n<p style=\"font-size:8pt;\">Jeudi 21 novembre 18 heures<br>Thiviers, biblioth\u00e8que<br>Rencontre avec &#8230; Nelly Buisson<br>Propos sur les Fa\u00efences de Thiviers<br>pr\u00e9sentation de son nouveau roman<br>En Attendant Emma<br>entr\u00e9e libre &#8211; manifestation gratuite<\/p>\n<p>Dans son dernier roman, qui vient juste de para\u00eetre ce 9 novembre, Nelly Buisson d\u00e9roule dans un hameau du pays de Thiviers une intrigue amoureuse franco-anglaise aux rebondissements multiples. On d\u00e9couvre assez vite que le h\u00e9ros anglais de l&rsquo;affaire n&rsquo;est pas l\u00e0 par hasard : descendant d&rsquo;un fa\u00efencier anglais, il poss\u00e8de des pi\u00e8ces au \u00ab\u00a0Rouge de Thiviers\u00a0\u00bb et cherche \u00e0 en savoir davantage sur leur histoire !<\/p>\n<p>A mesure que se r\u00e9sout l&rsquo;intrigue contemporaine, l&rsquo;explication de l&rsquo;\u00e9nigme historique presque corn\u00e9lienne et en tout cas tragique, appara\u00eetra progressivement gr\u00e2ce \u00e0 une enqu\u00eate collective, dans laquelle interviennent en arri\u00e8re-plan des thib\u00e9riens connus.<\/p>\n<p>Tandis qu&rsquo;<i>in fine<\/i>, \u00e0 l&rsquo;issue de l&rsquo;aventure, chacun des h\u00e9ros romanesques trouve sa juste place en France ou en Angleterre , et peut-\u00eatre, l&rsquo;espoir d&rsquo;un bonheur raisonnable et durable.<\/p>\n","protected":false},"excerpt":{"rendered":"<p>Jeudi 21 novembre 18 heuresThiviers, biblioth\u00e8queRencontre avec &#8230; Nelly BuissonPropos sur les Fa\u00efences de Thivierspr\u00e9sentation de son nouveau romanEn Attendant Emmaentr\u00e9e libre &#8211; manifestation gratuite Dans son dernier roman, qui vient juste de para\u00eetre ce 9 novembre, Nelly Buisson d\u00e9roule dans un hameau du pays de Thiviers une intrigue amoureuse franco-anglaise aux rebondissements multiples. On &hellip; <a href=\"https:\/\/acthiv.fr\/journaldebord\/?p=943\" class=\"more-link\">Continuer la lecture de <span class=\"screen-reader-text\">Rencontre avec Nelly Buisson<\/span>  <span class=\"meta-nav\">&rarr;<\/span><\/a><\/p>\n","protected":false},"author":1,"featured_media":0,"comment_status":"closed","ping_status":"open","sticky":false,"template":"","format":"standard","meta":{"footnotes":""},"categories":[30,8,32],"tags":[],"class_list":["post-943","post","type-post","status-publish","format-standard","hentry","category-bibliotheque","category-conference","category-rencontre-avec-un-auteur"],"_links":{"self":[{"href":"https:\/\/acthiv.fr\/journaldebord\/index.php?rest_route=\/wp\/v2\/posts\/943","targetHints":{"allow":["GET"]}}],"collection":[{"href":"https:\/\/acthiv.fr\/journaldebord\/index.php?rest_route=\/wp\/v2\/posts"}],"about":[{"href":"https:\/\/acthiv.fr\/journaldebord\/index.php?rest_route=\/wp\/v2\/types\/post"}],"author":[{"embeddable":true,"href":"https:\/\/acthiv.fr\/journaldebord\/index.php?rest_route=\/wp\/v2\/users\/1"}],"replies":[{"embeddable":true,"href":"https:\/\/acthiv.fr\/journaldebord\/index.php?rest_route=%2Fwp%2Fv2%2Fcomments&post=943"}],"version-history":[{"count":10,"href":"https:\/\/acthiv.fr\/journaldebord\/index.php?rest_route=\/wp\/v2\/posts\/943\/revisions"}],"predecessor-version":[{"id":968,"href":"https:\/\/acthiv.fr\/journaldebord\/index.php?rest_route=\/wp\/v2\/posts\/943\/revisions\/968"}],"wp:attachment":[{"href":"https:\/\/acthiv.fr\/journaldebord\/index.php?rest_route=%2Fwp%2Fv2%2Fmedia&parent=943"}],"wp:term":[{"taxonomy":"category","embeddable":true,"href":"https:\/\/acthiv.fr\/journaldebord\/index.php?rest_route=%2Fwp%2Fv2%2Fcategories&post=943"},{"taxonomy":"post_tag","embeddable":true,"href":"https:\/\/acthiv.fr\/journaldebord\/index.php?rest_route=%2Fwp%2Fv2%2Ftags&post=943"}],"curies":[{"name":"wp","href":"https:\/\/api.w.org\/{rel}","templated":true}]}}